{"id":51,"date":"2014-03-23T19:42:10","date_gmt":"2014-03-23T18:42:10","guid":{"rendered":"http:\/\/hoffmeier.info\/?p=51"},"modified":"2014-03-23T19:42:10","modified_gmt":"2014-03-23T18:42:10","slug":"weinbergpfirsiche-in-der-blute","status":"publish","type":"post","link":"http:\/\/hoffmeier.info\/?p=51","title":{"rendered":"Weinbergpfirsiche in der Bl\u00fcte"},"content":{"rendered":"<p>Der milde Winter und das zeitige Fr\u00fchjahr lassen unsere Weinbergpfirsiche bereits erbl\u00fchen:<\/p>\n<p><a href=\"http:\/\/hoffmeier.info\/wp-content\/uploads\/2014\/03\/WP_20140321_11_36_25_Pro.jpg\"><img loading=\"lazy\" class=\"aligncenter size-large wp-image-54\" alt=\"WP_20140321_11_36_25_Pro\" src=\"http:\/\/hoffmeier.info\/wp-content\/uploads\/2014\/03\/WP_20140321_11_36_25_Pro-576x1024.jpg\" width=\"474\" height=\"842\" srcset=\"http:\/\/hoffmeier.info\/wp-content\/uploads\/2014\/03\/WP_20140321_11_36_25_Pro-576x1024.jpg 576w, http:\/\/hoffmeier.info\/wp-content\/uploads\/2014\/03\/WP_20140321_11_36_25_Pro.jpg 2000w\" sizes=\"(max-width: 474px) 100vw, 474px\" \/><\/a>Das Bild zeigt eine 4-j\u00e4hrige Junganlage in unserem Hang vor dem Schnitt. Pfirsichb\u00e4ume k\u00f6nnen jedoch problemlos vor und nach der Bl\u00fcte geschnitten werden.<\/p>\n<p>Dies erm\u00f6glicht auch bereits eine erste Einsch\u00e4tzung des Fruchtansatzes. Somit kann ein zu starker R\u00fcckschnitt vermieden werden.<\/p>\n<p>Eine Fachinformation zum Pfirsichschnitt ist auff der Homepage des <a title=\"OGV Rohracker\" href=\"http:\/\/www.ogv-rohracker.de\" target=\"_blank\">OGV Rohracker<\/a> zu finden.<\/p>\n<p><a href=\"http:\/\/hoffmeier.info\/wp-content\/uploads\/2014\/03\/WP_20140321_11_35_12_Pro.jpg\"><img loading=\"lazy\" class=\"aligncenter size-large wp-image-56\" alt=\"WP_20140321_11_35_12_Pro\" src=\"http:\/\/hoffmeier.info\/wp-content\/uploads\/2014\/03\/WP_20140321_11_35_12_Pro-576x1024.jpg\" width=\"474\" height=\"842\" srcset=\"http:\/\/hoffmeier.info\/wp-content\/uploads\/2014\/03\/WP_20140321_11_35_12_Pro-576x1024.jpg 576w, http:\/\/hoffmeier.info\/wp-content\/uploads\/2014\/03\/WP_20140321_11_35_12_Pro.jpg 2000w\" sizes=\"(max-width: 474px) 100vw, 474px\" \/><\/a>Obiges Bild zeigt im Vordergrund einen bereits geschnittenen Pfirsichbaum.<\/p>\n","protected":false},"excerpt":{"rendered":"<p>Der milde Winter und das zeitige Fr\u00fchjahr lassen unsere Weinbergpfirsiche bereits erbl\u00fchen: Das Bild zeigt eine 4-j\u00e4hrige Junganlage in unserem Hang vor dem Schnitt. Pfirsichb\u00e4ume k\u00f6nnen jedoch problemlos vor und nach der Bl\u00fcte geschnitten werden. Dies erm\u00f6glicht auch bereits eine erste Einsch\u00e4tzung des Fruchtansatzes. Somit kann ein zu starker R\u00fcckschnitt vermieden werden. Eine Fachinformation zum [&hellip;]<\/p>\n","protected":false},"author":1,"featured_media":0,"comment_status":"closed","ping_status":"open","sticky":false,"template":"","format":"standard","meta":[],"categories":[3,1],"tags":[],"_links":{"self":[{"href":"http:\/\/hoffmeier.info\/index.php?rest_route=\/wp\/v2\/posts\/51"}],"collection":[{"href":"http:\/\/hoffmeier.info\/index.php?rest_route=\/wp\/v2\/posts"}],"about":[{"href":"http:\/\/hoffmeier.info\/index.php?rest_route=\/wp\/v2\/types\/post"}],"author":[{"embeddable":true,"href":"http:\/\/hoffmeier.info\/index.php?rest_route=\/wp\/v2\/users\/1"}],"replies":[{"embeddable":true,"href":"http:\/\/hoffmeier.info\/index.php?rest_route=%2Fwp%2Fv2%2Fcomments&post=51"}],"version-history":[{"count":2,"href":"http:\/\/hoffmeier.info\/index.php?rest_route=\/wp\/v2\/posts\/51\/revisions"}],"predecessor-version":[{"id":60,"href":"http:\/\/hoffmeier.info\/index.php?rest_route=\/wp\/v2\/posts\/51\/revisions\/60"}],"wp:attachment":[{"href":"http:\/\/hoffmeier.info\/index.php?rest_route=%2Fwp%2Fv2%2Fmedia&parent=51"}],"wp:term":[{"taxonomy":"category","embeddable":true,"href":"http:\/\/hoffmeier.info\/index.php?rest_route=%2Fwp%2Fv2%2Fcategories&post=51"},{"taxonomy":"post_tag","embeddable":true,"href":"http:\/\/hoffmeier.info\/index.php?rest_route=%2Fwp%2Fv2%2Ftags&post=51"}],"curies":[{"name":"wp","href":"https:\/\/api.w.org\/{rel}","templated":true}]}}